{"id":2894,"date":"2014-09-23T23:22:57","date_gmt":"2014-09-23T20:22:57","guid":{"rendered":"https:\/\/dentplus.com.tr\/V2\/?p=2894"},"modified":"2016-05-19T12:07:54","modified_gmt":"2016-05-19T09:07:54","slug":"dis-eti-hastaliklari-ve-alzheimer","status":"publish","type":"post","link":"https:\/\/dentplus.com.tr\/V2\/dis-eti-hastaliklari-ve-alzheimer\/","title":{"rendered":"Di\u015f Eti Hastal\u0131klar\u0131 ve Alzheimer"},"content":{"rendered":"<p style=\"text-align: justify;\">Di\u015fleri her g\u00fcn en az iki kez f\u0131r\u00e7alaman\u0131n ve\u00a0di\u015f ipi kullanman\u0131n,\u00a0Alzheimer\u00a0riskini \u00f6nemli oranda azaltt\u0131\u011f\u0131 ortaya \u00e7\u0131kar\u0131ld\u0131.<\/p>\n<p style=\"text-align: justify;\">Sevgili okurlar\u0131m; Alzheimer\u0131n g\u00fcn\u00fcm\u00fczde \u00e7ok \u00f6nemli rol\u00fc oldu\u011funu hepimiz biliyoruz.\u00a0 Ge\u00e7en ay; &#8220;Journal of\u00a0Alzheimer&#8217;s Disease&#8221; dergisinde yay\u0131mlanan \u00e7al\u0131\u015fmada \u0130ngiliz bilim adamlar\u0131, periodontal (di\u015feti) hastal\u0131klar\u0131n Alzheimer riskini art\u0131rd\u0131\u011f\u0131na dair kan\u0131t buldu. Ve bu bilgileri sizlerle bu ay payla\u015fmak istedim\u2026<\/p>\n<div style=\"text-align: justify;\">\n<p>\u0130yi bir a\u011f\u0131z hijyeni bireyin ya\u015fam kalitesini \u00f6nemli derecede etkiler, yetersiz oral hijyen ise a\u011fr\u0131ya neden olur ve di\u015f kayb\u0131na yol a\u00e7abilir; yemeyi ve g\u00fcl\u00fcmsemeyi etkileyebilir.<\/p>\n<\/div>\n<p style=\"text-align: justify;\">Her 10 Alzheimer hastas\u0131ndan 4&#8217;\u00fcn\u00fcn beyninde di\u015feti iltihab\u0131na neden olan Porphyromonas gingivalis bakterisine rastlad\u0131klar\u0131n\u0131 belirten bilim adamlar\u0131, kan dola\u015f\u0131m\u0131na kar\u0131\u015fan bakterinin kolayca beyne yerle\u015febildi\u011fine ve sinir h\u00fccrelerinin zarar g\u00f6rmesine neden oldu\u011funa dikkati \u00e7ekti.<\/p>\n<p style=\"text-align: justify;\">Ara\u015ft\u0131rmac\u0131lar, kat\u0131l\u0131mc\u0131lardan al\u0131nan kan \u00f6rneklerinde bedenin P. gingivalis bakterisi ile sava\u015fmak i\u00e7in \u00fcretti\u011fi antikor d\u00fczeyini \u00f6l\u00e7t\u00fc. Antikor d\u00fczeyi y\u00fcksek olan ki\u015filerin, Alzheimer&#8217;e yakalanma riskinin 9 kat daha fazla oldu\u011fu belirlendi.<\/p>\n<p style=\"text-align: justify;\">Bakterinin beyindeki glial h\u00fccrelerinin iltihaplanmas\u0131na yol a\u00e7arak Alzheimer riskini art\u0131rd\u0131\u011f\u0131 san\u0131l\u0131yor.<\/p>\n<p style=\"text-align: justify;\">Di\u015fetlerinde kanama, k\u0131zar\u0131kl\u0131k, \u015fi\u015fme ve hassasiyet gibi belirtilen g\u00f6steren di\u015feti iltihab\u0131, di\u015f kayb\u0131na neden oluyor.<\/p>\n<p style=\"text-align: justify;\">Bilim adamlar\u0131, di\u015feti iltihab\u0131n\u0131 engellemek i\u00e7in di\u015flerin her g\u00fcn en az iki kere iki dakikal\u0131\u011f\u0131na f\u0131r\u00e7alanmas\u0131, her g\u00fcn en az bir kez\u00a0di\u015f ipi\u00a0kullan\u0131lmas\u0131, y\u0131lda en az iki kez di\u015f hekimi kontrol\u00fcnden ge\u00e7ilmesi ve sigaran\u0131n b\u0131rak\u0131lmas\u0131 gerekti\u011fini belirtiyor.<\/p>\n<p style=\"text-align: justify;\">\u0130lk kez 1906 y\u0131l\u0131nda Alman bilim adam\u0131 Alois Alzheimer taraf\u0131ndan tan\u0131mlanan ve 65 ya\u015f \u00fcst\u00fc ki\u015filerde beyin dokular\u0131nda a\u011f\u0131r hasara neden olan Alzheimer hastal\u0131\u011f\u0131n\u0131n hala etkili bir tedavisi bulunmuyor. D\u00fcnyada 30 milyondan fazla Alzheimer hastas\u0131 oldu\u011fu tahmin ediliyor.<\/p>\n<p style=\"text-align: justify;\"><strong><span style=\"color: #ff0000;\">Di\u015flerin g\u00fcnl\u00fck bak\u0131m\u0131<\/span><\/strong><\/p>\n<p style=\"text-align: justify;\"><span style=\"color: #ff0000;\">Demans\u0131n erken safhalar\u0131 ;<\/span><br \/>\nDemansl\u0131 birey erken safhalarda di\u015flerini temizleyebilme kabiliyetine sahiptir. Ancak bireylerin bu konuda uyar\u0131lmalar\u0131 ve denetlenmeleri gerekmektedir. Yard\u0131ma ihtiya\u00e7 duyduklar\u0131nda f\u0131r\u00e7a ve di\u015f macunu verilerek ne yapacaklar\u0131 anlat\u0131lmal\u0131d\u0131r.<br \/>\nEl becerisi azald\u0131k\u00e7a elektrikli di\u015f f\u0131r\u00e7alar\u0131 kullan\u0131labilir.<\/p>\n<p style=\"text-align: justify;\"><strong><span style=\"color: #ff0000;\">Demans\u0131n sonraki safhalar\u0131<\/span><\/strong><\/p>\n<p style=\"text-align: justify;\">Demans ilerledik\u00e7e birey di\u015flerini temizleyebilme becerisini veya bu konuya ilgisini kaybedebilir. Di\u015f hekimi veya oral hijyenist bir ba\u015fka bireyin di\u015flerinin nas\u0131l temizlenece\u011fi ile ilgili deste\u011fi ve rehberli\u011fi sa\u011flayabilmektedir. Teknik daha \u00e7ok bireyin ilgisine ba\u011fl\u0131d\u0131r. Genellikle en kolay y\u00f6ntem bireyin sandalyeye oturup bak\u0131c\u0131s\u0131n\u0131n arkaya ge\u00e7mesiyle sa\u011flan\u0131r. Bak\u0131c\u0131, hastan\u0131n v\u00fccudunu destekleyerek ba\u015f\u0131n\u0131 kollar\u0131n\u0131n aras\u0131na al\u0131p nemli bir f\u0131r\u00e7a ve az miktarda macun kullan\u0131m\u0131 ile di\u015flerin temizli\u011fini ger\u00e7ekle\u015ftirir.<\/p>\n<p style=\"text-align: justify;\"><span style=\"color: #ff0000;\">\u0130la\u00e7lar ve dental hastal\u0131k ;<\/span><br \/>\nDemansl\u0131 bireyler bazen antidepresan, sedatif ve antipsikotik ila\u00e7lar kullanmaktad\u0131r. Bu ila\u00e7lar\u0131n yan etkilerinden biri de a\u011f\u0131z kurulu\u011fudur. Bu, protezler ile ilgili rahats\u0131zl\u0131k ve gev\u015femeyi de i\u00e7eren sorunlara yol a\u00e7abilir. Protez tutucular\u0131 ve yapay t\u00fck\u00fcr\u00fck, protezleri ile ilgili problemleri olan bireylere yard\u0131mc\u0131 olabilir. Bu konuda bir di\u015f hekiminden yard\u0131m al\u0131nabilir.<\/p>\n<p style=\"text-align: justify;\">T\u00fck\u00fcr\u00fck yaln\u0131zca kayganla\u015ft\u0131r\u0131c\u0131 etkiye sahip de\u011fildir, ayn\u0131 zamanda di\u015fleri temizleyerek plak olu\u015fumunu da \u00f6nler. Eksikli\u011fi plak birikimine, di\u015f eti hastal\u0131klar\u0131na ve \u00f6zellikle di\u015flerin boyun k\u0131s\u0131mlar\u0131nda olu\u015fan di\u015f \u00e7\u00fcr\u00fcklerine yol a\u00e7maktad\u0131r. Bu sorunlar di\u015flerin k\u0131r\u0131lmas\u0131na yol a\u00e7ar.<\/p>\n<p style=\"text-align: justify;\"><strong><span style=\"color: #ff0000;\">Dental tedavi ve demans<\/span><\/strong><\/p>\n<p style=\"text-align: justify;\"><strong><span style=\"color: #ff0000;\"> Demans ilerledik\u00e7e birey ;<\/span><\/strong><\/p>\n<p style=\"text-align: justify;\">\u2022 Di\u015flerini etkin bir \u015fekilde temizleyememeye,<br \/>\n\u2022 Di\u015flerinin s\u00fcrekli temiz tutulmas\u0131 gerekti\u011fini anlamamaya,<br \/>\n\u2022 \u00d6zel dental tedavi ihtiyac\u0131n\u0131 belirtememeye,<br \/>\n\u2022 A\u011fr\u0131y\u0131 da i\u00e7eren dental semptomlar\u0131 ifade edememeye,<br \/>\n\u2022 Tedavi hakk\u0131ndaki karar verme s\u00fcrecine dahil olamamaya,<br \/>\n\u2022 Tedaviyi onaylay\u0131p onaylamad\u0131\u011f\u0131n\u0131 belirtememeye,<br \/>\n\u2022 Dental tedavinin olumlu sonu\u00e7lar\u0131n\u0131 hissedememeye,<br \/>\nba\u015flar.<\/p>\n<p style=\"text-align: justify;\"><strong><span style=\"color: #ff0000;\">Tedavinin planlanmas\u0131<\/span><\/strong><\/p>\n<p style=\"text-align: justify;\">Di\u015f hekimi, demansl\u0131 ki\u015fi, ailesi veya bak\u0131c\u0131s\u0131 ile g\u00f6r\u00fc\u015ferek en iyi tedavi plan\u0131na karar verecektir.<br \/>\n\u00dczerinde durulmas\u0131 gereken konular \u015funlard\u0131r:<\/p>\n<p style=\"text-align: justify;\">\u2022 Demansl\u0131 bireyin ba\u011f\u0131ms\u0131zl\u0131k d\u00fczeyi, kooperasyonu, bilin\u00e7 ve fiziksel durumu<br \/>\n\u2022 E\u011fer varsa, ne t\u00fcr semptomlar g\u00f6r\u00fcld\u00fc\u011f\u00fc<br \/>\n\u2022 Tedaviye r\u0131zas\u0131n\u0131n olup olmad\u0131\u011f\u0131n\u0131 ifade edebilirli\u011fi<br \/>\nT\u00fcm bu sorunlar \u00e7\u00f6z\u00fcld\u00fc\u011f\u00fcnde di\u015f hekimi ne t\u00fcr bir tedavi uygulayaca\u011f\u0131na karar verebilecektir. Ki\u015finin d\u00fczenli olarak veya y\u0131lda bir kez g\u00f6r\u00fclmesine karar verilebilir.<\/p>\n<p style=\"text-align: justify;\"><strong><span style=\"color: #ff0000;\">Tedaviyi kabul etme<\/span><\/strong><\/p>\n<p style=\"text-align: justify;\">Demansl\u0131 bireye, dental tedavi ile ilgili karar verme veya verilen kararlara kat\u0131lma f\u0131rsat\u0131 verilmesi \u00f6nemlidir.<br \/>\nDi\u015f hekimi, e\u011fer gerekli ise basit terimler kullanarak, ne yapaca\u011f\u0131n\u0131 ve neden yapaca\u011f\u0131n\u0131 a\u00e7\u0131klamal\u0131d\u0131r. Se\u00e7enekler sunulmal\u0131d\u0131r, sorular evet veya hay\u0131r \u015feklinde yan\u0131tlanmal\u0131d\u0131r.<\/p>\n<p style=\"text-align: justify;\"><strong><span style=\"color: #ff0000;\">Dental tedavinin \u015fekilleri<\/span><\/strong><\/p>\n<p style=\"text-align: justify;\"><span style=\"color: #ff0000;\">\u2022 Demans\u0131n erken safhalar\u0131<\/span><br \/>\nDemans\u0131n erken safhalar\u0131nda dental bak\u0131m\u0131n bir\u00e7ok \u015fekli uygulanabilir. Di\u015f hekimi, demansl\u0131 ki\u015finin ilerleyen evrelerde di\u015f bak\u0131m\u0131n\u0131 yapamayaca\u011f\u0131n\u0131 g\u00f6z \u00f6n\u00fcnde bulundurarak tedaviyi planlamal\u0131d\u0131r. Kilit noktalardaki di\u015fler belirlenip restore edilmelidir.<br \/>\n<span style=\"color: #ff0000;\">\u2022 Demans\u0131n ara safhalar\u0131<\/span><br \/>\nBu zaman zarf\u0131nda, demansl\u0131 bireyler s\u0131k\u00e7a fiziksel olarak sa\u011fl\u0131kl\u0131d\u0131r ancak el becerilerini \u00a0kaybedilmi\u015ftir. Dental tedavide restorasyon planlamalar\u0131ndan ziyade ba\u015fka dental sorunlardan korunmaya y\u00f6nelik kararlar\u0131n al\u0131nmas\u0131 beklenir.<br \/>\nDental tedavi i\u00e7in baz\u0131 ki\u015filerde sedasyon veya genel anestezi gerekebilir. Karar bireyin kooperasyonu, dental tedavi ihtiyac\u0131, genel sa\u011fl\u0131k ve sosyal destek gibi durumlar g\u00f6z \u00f6n\u00fcnde bulundurularak verilir.<br \/>\n\u2022<span style=\"color: #ff0000;\"> Demans\u0131n ilerlemi\u015f safhalar\u0131<\/span><br \/>\nDemans\u0131n ilerlemi\u015f safhalar\u0131nda ise ki\u015finin bilinci ciddi bir bi\u00e7imde zarar g\u00f6rm\u00fc\u015ft\u00fcr ve s\u0131kl\u0131kla da g\u00fc\u00e7s\u00fcz ve zay\u0131ft\u0131r.<br \/>\nBu d\u00f6nemde tedavi oral hastal\u0131ktan korunma, oral sa\u011fl\u0131\u011f\u0131n devam\u0131 ve acil tedavi uygulamalar\u0131 odakl\u0131d\u0131r.<\/p>\n<p style=\"text-align: justify;\"><strong><span style=\"color: #ff0000;\"><img loading=\"lazy\" decoding=\"async\" class=\"size-full wp-image-2910 alignleft\" src=\"https:\/\/dentplus.com.tr\/V2\/wp-content\/uploads\/alzheimer4.jpg\" alt=\"alzheimer4\" width=\"135\" height=\"199\" \/>Protezin kullan\u0131lmas\u0131<\/span><\/strong><\/p>\n<p style=\"text-align: justify;\">Demansl\u0131 bireylerde tan\u0131d\u0131k olmayan \u00e7evrelerde protez kayb\u0131 yayg\u0131nd\u0131r.\u00a0Kay\u0131p protezlerin yenilenmesinde problem ya\u015fanabilir. Ki\u015fi uzun bir s\u00fcredir protez kullanm\u0131yorsa nas\u0131l kulland\u0131\u011f\u0131n\u0131 unutabilir veya yeni proteze uyum sa\u011flayamayabilir.<\/p>\n<p style=\"text-align: justify;\">Ayr\u0131ca, ki\u015fi yeni protezler tak\u0131l\u0131rken di\u015f hekimi ile kooperasyon kuramayabilir. Bu t\u00fcr bir durumda bak\u0131c\u0131s\u0131n\u0131n m\u00fcdahalesi (elini tutma, konu\u015fma) tek ihtiya\u00e7 duydu\u011fu \u015fey olabilmektedir. Kooperasyon s\u0131n\u0131rl\u0131 ise ger\u00e7ek\u00e7i davran\u0131l\u0131p en az\u0131ndan estetik g\u00f6r\u00fcn\u00fc\u015f i\u00e7in yaln\u0131zca \u00fcst \u00e7ene protez yap\u0131m\u0131 gibi bir \u00e7\u00f6z\u00fcm tercih edilebilir.\u00a0Nihayetinde, bir \u00e7ok demans hastas\u0131 eskiden problem ya\u015famadan protez kullanm\u0131\u015f olsalar bile a\u011f\u0131zlar\u0131ndaki proteze tahamm\u00fcl edemedikleri bir noktaya gelmektedir.<\/p>\n","protected":false},"excerpt":{"rendered":"<p>Di\u015fleri her g\u00fcn en az iki kez f\u0131r\u00e7alaman\u0131n ve\u00a0di\u015f ipi kullanman\u0131n,\u00a0Alzheimer\u00a0riskini \u00f6nemli oranda azaltt\u0131\u011f\u0131 ortaya \u00e7\u0131kar\u0131ld\u0131. Sevgili okurlar\u0131m; Alzheimer\u0131n g\u00fcn\u00fcm\u00fczde \u00e7ok \u00f6nemli rol\u00fc oldu\u011funu hepimiz biliyoruz.\u00a0 Ge\u00e7en ay; &#8220;Journal of\u00a0Alzheimer&#8217;s Disease&#8221; dergisinde yay\u0131mlanan \u00e7al\u0131\u015fmada \u0130ngiliz bilim adamlar\u0131, periodontal (di\u015feti) hastal\u0131klar\u0131n Alzheimer riskini art\u0131rd\u0131\u011f\u0131na dair kan\u0131t buldu. Ve bu bilgileri sizlerle bu ay payla\u015fmak istedim\u2026 \u0130yiLeer M\u00e1s<\/p>\n","protected":false},"author":1,"featured_media":3567,"comment_status":"open","ping_status":"open","sticky":false,"template":"","format":"standard","meta":{"ngg_post_thumbnail":0,"footnotes":""},"categories":[284,294,233,273,230],"tags":[451,297,301,300,461,296,432,295,302,460],"class_list":["post-2894","post","type-post","status-publish","format-standard","has-post-thumbnail","hentry","category-agiz-sagligi","category-alzheimer","category-dis-curugu","category-dis-estetigi","category-dis-eti-hastaliklari","tag-alzheimer","tag-alzheimer-ve-dis","tag-bursa-dis-doktoru","tag-bursa-dis-hekimi","tag-cene-yuz-protez-uzmani-fuat-noyun","tag-dis-bakimi","tag-dis-eti-hastaliklari","tag-dis-ipi","tag-plus","tag-protez-uzmani-fuat-noyun"],"_links":{"self":[{"href":"https:\/\/dentplus.com.tr\/V2\/wp-json\/wp\/v2\/posts\/2894","targetHints":{"allow":["GET"]}}],"collection":[{"href":"https:\/\/dentplus.com.tr\/V2\/wp-json\/wp\/v2\/posts"}],"about":[{"href":"https:\/\/dentplus.com.tr\/V2\/wp-json\/wp\/v2\/types\/post"}],"author":[{"embeddable":true,"href":"https:\/\/dentplus.com.tr\/V2\/wp-json\/wp\/v2\/users\/1"}],"replies":[{"embeddable":true,"href":"https:\/\/dentplus.com.tr\/V2\/wp-json\/wp\/v2\/comments?post=2894"}],"version-history":[{"count":17,"href":"https:\/\/dentplus.com.tr\/V2\/wp-json\/wp\/v2\/posts\/2894\/revisions"}],"predecessor-version":[{"id":3200,"href":"https:\/\/dentplus.com.tr\/V2\/wp-json\/wp\/v2\/posts\/2894\/revisions\/3200"}],"wp:featuredmedia":[{"embeddable":true,"href":"https:\/\/dentplus.com.tr\/V2\/wp-json\/wp\/v2\/media\/3567"}],"wp:attachment":[{"href":"https:\/\/dentplus.com.tr\/V2\/wp-json\/wp\/v2\/media?parent=2894"}],"wp:term":[{"taxonomy":"category","embeddable":true,"href":"https:\/\/dentplus.com.tr\/V2\/wp-json\/wp\/v2\/categories?post=2894"},{"taxonomy":"post_tag","embeddable":true,"href":"https:\/\/dentplus.com.tr\/V2\/wp-json\/wp\/v2\/tags?post=2894"}],"curies":[{"name":"wp","href":"https:\/\/api.w.org\/{rel}","templated":true}]}}